{"id":1186,"date":"2024-10-16T16:42:57","date_gmt":"2024-10-16T14:42:57","guid":{"rendered":"https:\/\/www.vaccinazione.it\/?p=1186"},"modified":"2025-01-24T10:11:11","modified_gmt":"2025-01-24T08:11:11","slug":"16-10-2024-aggiornamento-condizioni-per-nuove-richieste-lesioni-da-vaccinazione","status":"publish","type":"post","link":"https:\/\/www.vaccinazione.it\/?p=1186","title":{"rendered":"16\/10\/2024 &#8211; Aggiornamento  condizioni per nuove richieste lesioni da vaccinazione."},"content":{"rendered":"\n<p><\/p>\n\n\n<p>L&#8217;Amev informa i soci ed i sostenitori dell&#8217;Associazione che stiamo monitorando le notizie comparse sul WEB relative\u00a0 alle segnalazioni di gravi effetti avversi subiti sul territorio nazionale da parte di cittadini che hanno lamentato lesioni di vario tipo successive alla somministrazione divaccinazioni anti covid.<\/p>\n<p>E&#8217; stato necessario attendere finora poich\u00e9 la Corte Costituzionale \u00e8 intervenuta sulla materia con una sentenza del 6\/03\/2023 che richiede una applicazione tramite esplicita legge attuativa proposta dalla XII Commissione Affari Sociali ed approvata dal Parlamento previa assenso della Commissione Bilancio e della Commissione Affari Costituzionali.<\/p>\n<p>Questi passaggi non si sono ancora realizzati nonostante io abbia sollecitato e diffidato sia la Commissione parlamentare competente sia la Presidenza della Repubblica per mancato adempimento del Regolamento parlamentare.<\/p>\n<p>Il punto cruciale che richiede il passaggio parlamentare \u00e8 quello relativo alla \u00a0proponibilit\u00e0 delle domande per effetti collaterali ignoti da vaccino anti covid.<\/p>\n<p>Il dibattito medico legale attualmente diffuso dalle Autorit\u00e0 sanitarie nazionali o regionali esclude in linea generale, l&#8217;automatico riconoscimento di nesso causale ipotizzabile nel caso di manifestazioni cliniche &#8211; patologiche cronologicamente successive alla somministrazione dei vari tipi di vaccini.<\/p>\n<p>\u00a0Sono stati segnalati casi di reazioni autoimmuni a carico dell&#8217;apparato muscolare o articolare, cos\u00ec come sindromi patologiche dermatologiche o funzionali. Hanno lamentato peggioramenti anche le persone affette da autismo che segnalano lesioni cronologicamente successive ai vaccini attualmente in uso. Segnalo che l&#8217;autismo non \u00e8 considerato dalle Autorit\u00e0 Sanitarie una condizione personale di controindicazione al vaccino.<\/p>\n<p>Anche la perdita di peso, ovvero l&#8217;alopecia non \u00e8 ritenuta ufficialmente una lesione da vaccino anticovid. In ogni caso la proponibilit\u00e0 della domanda \u00e8 legata alla possibilit\u00e0 di configurare sulla persona richiedente l&#8217;indennizzo, una patologia irreversibile che possa essere inquadrata in una delle otto categorie di lesioni previste dal DPR 834\/1981.<\/p>\n<p>L&#8217;importanza della sentenza nr. 35 della Corte Costituzionale consiste nell&#8217;affermazione del principio che la persona che lamenta una lesione conseguente a vaccinazione deve segnalare la certificata irreversibilit\u00e0 della patologia, e deve indicare, tramite medico legale, l&#8217;ascrivibilit\u00e0 della patologia &#8220;consolidata&#8221; e la sua corrispondenza ad una delle patologie che siano, da un lato \u00a0presenti nella tabella A, allegata al DPR 834\/1981, e dall&#8217;altro non escluse dal vademecum degli effetti collaterali pubblicato dall&#8217;Istituto Superiore di Sanit\u00e0 nel 2017 ed aggiornato successivamente. In questo quadro di resistenza istituzionale all&#8217;ammissione delle conseguenze indicate dalle persone che si ritengono danneggiate, esiste per\u00f2 una ragione di buona speranza.<\/p>\n<p>Il termine di decadenza per la proposizione delle domande \u00e8 stato dilatato da una pronuncia della Consulta. La Corte Costituzionale ha stabilito che il termine iniziale per presentare domanda di lesione da vaccinazione decorre non dalla data della manifestazione della lesione, ma dalla data in cui un accertamento medico legale configuri e dimostri il meccanismo patogenetico che ha provocato gli effetti avversi per i quali si chiede l&#8217;indennizzo. Cio&#8217; puo&#8217; avvenire anche a distanza di anni dalla manifestazione dell&#8217;effetto avverso poich\u00e9 \u00e8 necessario raccogliere, nel tempo molteplici segnalazioni di effetti avversi che presentino elementi di analogia. Lo stesso documento ricostruttivo medico legale deve recare l&#8217;indicazione della irreversiblit\u00e0 della lesione, e deve espressamente inquadrare la manifestazione patologica attuale in una delle categorie previste dal DPR 834\/1981, ovvero indicare l&#8217;analogia con una delle ipotesi contemplate. Il termine per proporre la domanda, ed ottenere gli arretrati, comincia a decorrere dalla data in cui il medico legale attesta la indennizzabilit\u00e0 del danno da vaccino, sia sotto il profilo del meccanismo biologico innescato, sia sotto il profilo della specifica ascrivibilit\u00e0 tabellare.<\/p>\n<p>Chiarisco che la mancata attuazione della sentenza costituzionale da parte della Commissione Affari Sociali \u00a0della Camera dei Deputati non permette direttamente alle ASL di indennizzare le nuove domande relative ai danni da anti covid poich\u00e9 lo Stato non ha trasferito alle Regioni ed alla ASL le risorse finanziarie necessarie per sostenere il peso economico dell&#8217;accoglimento delle domande.<\/p>\n<p>Invito pertanto gli interessati ad informarsi se un medico legale di propria scelta, che ha visitato la persona e rilevato la lesione, puo&#8217; redigere un elaborato corredato degli argomenti \u00a0predetti, specificando il nesso causale, il meccanismo patogenetico con riferimento alla lesione inserita nella tabella delle patologie e dichiarata irreversibile anche in seguito alle cure proposte e praticate nel tempo. La Corte Costituzionale ha voluto sentenziare nel senso possibilista relativo alle lesioni non confortate da letteratura medica pregressa, consentendo la dilatazione dei termini triennali per la presentazione delle domande. I termini decorrono dalla data dell&#8217;accertamento medico legale che possa essere esaminato dalla Commissione Militare Ospedaliera designata dalla legge. Sar\u00e0 possibile procedere con mandato specifico, per coloro che potranno ricostruire il quadro medico legale relativo alla ricostruzione del nesso causale ed alla indicazione della patologia, alla dichiarazione di irreversibilit\u00e0 ed alla sua ascrivibilit\u00e0 tabellare. I documenti sanitari e referti costituiscono la prima parte della istruttoria che descrive la storia clinica. La seconda parte invece, cio&#8217; la valutazione medico legale completa il quadro istruttorio utile per procedere all&#8217;esame amministrativo della domanda presso la ASL competente.<\/p>\n<p>Rappresento che i miei solleciti al Parlamento possano servire a trovare adeguata copertura nella legge finanziaria attualmente sottoposta all&#8217;esame del Parlamento. L&#8217;Amev rimane a disposizione degli interessati per l&#8217;assistenza istruttoria necessaria.<\/p>\n<p>Il Presidente<\/p>\n<p>Avv. Marcello Stanca<\/p>","protected":false},"excerpt":{"rendered":"<p>L&#8217;Amev informa i soci ed i sostenitori dell&#8217;Associazione che stiamo monitorando le notizie comparse sul WEB relative\u00a0 alle segnalazioni di gravi effetti avversi subiti sul territorio nazionale da parte di cittadini che hanno lamentato lesioni di vario tipo successive alla somministrazione divaccinazioni anti covid. E&#8217; stato necessario attendere finora poich\u00e9 la Corte Costituzionale \u00e8 intervenuta [&hellip;]<\/p>\n","protected":false},"author":2,"featured_media":0,"comment_status":"open","ping_status":"open","sticky":false,"template":"","format":"standard","meta":{"om_disable_all_campaigns":false,"_monsterinsights_skip_tracking":false,"_monsterinsights_sitenote_active":false,"_monsterinsights_sitenote_note":"","_monsterinsights_sitenote_category":0,"footnotes":""},"categories":[3,22],"tags":[],"aioseo_notices":[],"_links":{"self":[{"href":"https:\/\/www.vaccinazione.it\/index.php?rest_route=\/wp\/v2\/posts\/1186"}],"collection":[{"href":"https:\/\/www.vaccinazione.it\/index.php?rest_route=\/wp\/v2\/posts"}],"about":[{"href":"https:\/\/www.vaccinazione.it\/index.php?rest_route=\/wp\/v2\/types\/post"}],"author":[{"embeddable":true,"href":"https:\/\/www.vaccinazione.it\/index.php?rest_route=\/wp\/v2\/users\/2"}],"replies":[{"embeddable":true,"href":"https:\/\/www.vaccinazione.it\/index.php?rest_route=%2Fwp%2Fv2%2Fcomments&post=1186"}],"version-history":[{"count":4,"href":"https:\/\/www.vaccinazione.it\/index.php?rest_route=\/wp\/v2\/posts\/1186\/revisions"}],"predecessor-version":[{"id":1191,"href":"https:\/\/www.vaccinazione.it\/index.php?rest_route=\/wp\/v2\/posts\/1186\/revisions\/1191"}],"wp:attachment":[{"href":"https:\/\/www.vaccinazione.it\/index.php?rest_route=%2Fwp%2Fv2%2Fmedia&parent=1186"}],"wp:term":[{"taxonomy":"category","embeddable":true,"href":"https:\/\/www.vaccinazione.it\/index.php?rest_route=%2Fwp%2Fv2%2Fcategories&post=1186"},{"taxonomy":"post_tag","embeddable":true,"href":"https:\/\/www.vaccinazione.it\/index.php?rest_route=%2Fwp%2Fv2%2Ftags&post=1186"}],"curies":[{"name":"wp","href":"https:\/\/api.w.org\/{rel}","templated":true}]}}