{"id":53,"date":"2008-09-05T13:14:34","date_gmt":"2008-09-05T11:14:34","guid":{"rendered":"https:\/\/www.vaccinazione.it\/?p=53"},"modified":"2009-07-21T13:17:13","modified_gmt":"2009-07-21T11:17:13","slug":"comunicato","status":"publish","type":"post","link":"https:\/\/www.vaccinazione.it\/?p=53","title":{"rendered":"COMUNICATO"},"content":{"rendered":"<p style=\"text-align: justify;\">Il TAR Lazio Sez. 3 Quater, con ordinanza depositata in data odierna ha accolto il ricorso dell&#8217;AMEV ed ha sospeso l&#8217;esecutivit\u00e0 dell&#8217;art. 3 co. 1 del decreto Min. Salute 3 aprile 2008 in materia di risarcimenti per lesioni da vaccinazione, bloccando i pagamenti delle annualit\u00e0 decennali arretrate poich\u00e9 privo di graduatoria e per altri profili di legittimit\u00e0. Il sottoscritto Avv. Marcello STANCA, in qualit\u00e0 di Presidente dell&#8217;AMEV, Associazione Malati Emotrasfusi e Vaccinati di Firenze, esprime soddisfazione per la rapidit\u00e0 con la quale il Tar Lazio ha esaminato ed accolto la nostra richiesta di sospensiva poich\u00e8 il decreto emesso dall&#8217;ex Ministro Livia Turco creava gravissimo pregiudizio ai dannegiati da vaccinazione pi\u00f9 gravemente colpiti, ai quali veniva negata ogni priorit\u00e0, ed ai genitori dei deceduti che addirittura non sono neanche menzionati. Sono consapevole del disagio e del ritardo che verr\u00e0 provocato a coloro che speravano in una pronta liquidazione e ripartizione dei 30 milioni di euro disponibili, ma il Tar Lazio ha convenuto che l&#8217;Amministrazione, in una platea di danneggiati di varie gravit\u00e0, non pu\u00f2 comportarsi per i pagamenti con la stessa cecit\u00e0 e casualit\u00e0 degli effetti collaterali da vaccino che hanno colpito a caso 580 persone beneficiarie del decreto annullato. Spero che buona parte dei danneggiati, costretti ad una ulteriore attesa, comprendano la necessit\u00e0 oggettiva di una graduatoria trasparente, finalmente imposta all&#8217;Amministrazione, con il controllo del Ministro della Funzione Pubblica.<\/p>\n<p style=\"text-align: justify;\">\n<p style=\"text-align: justify;\">Il Presidente AMEV<br \/>\nAVV. MARCELLO STANCA<\/p>\n","protected":false},"excerpt":{"rendered":"<p>Il TAR Lazio Sez. 3 Quater, con ordinanza depositata in data odierna ha accolto il ricorso dell&#8217;AMEV ed ha sospeso l&#8217;esecutivit\u00e0 dell&#8217;art. 3 co. 1 del decreto Min. Salute 3 aprile 2008 in materia di risarcimenti per lesioni da vaccinazione, bloccando i pagamenti delle annualit\u00e0 decennali arretrate poich\u00e9 privo di graduatoria e per altri profili [&hellip;]<\/p>\n","protected":false},"author":1,"featured_media":0,"comment_status":"open","ping_status":"open","sticky":false,"template":"","format":"standard","meta":{"om_disable_all_campaigns":false,"_monsterinsights_skip_tracking":false,"_monsterinsights_sitenote_active":false,"_monsterinsights_sitenote_note":"","_monsterinsights_sitenote_category":0,"footnotes":""},"categories":[22],"tags":[25,48,49,44,43,45,13,42,50,46,47,18,531],"aioseo_notices":[],"_links":{"self":[{"href":"https:\/\/www.vaccinazione.it\/index.php?rest_route=\/wp\/v2\/posts\/53"}],"collection":[{"href":"https:\/\/www.vaccinazione.it\/index.php?rest_route=\/wp\/v2\/posts"}],"about":[{"href":"https:\/\/www.vaccinazione.it\/index.php?rest_route=\/wp\/v2\/types\/post"}],"author":[{"embeddable":true,"href":"https:\/\/www.vaccinazione.it\/index.php?rest_route=\/wp\/v2\/users\/1"}],"replies":[{"embeddable":true,"href":"https:\/\/www.vaccinazione.it\/index.php?rest_route=%2Fwp%2Fv2%2Fcomments&post=53"}],"version-history":[{"count":2,"href":"https:\/\/www.vaccinazione.it\/index.php?rest_route=\/wp\/v2\/posts\/53\/revisions"}],"predecessor-version":[{"id":55,"href":"https:\/\/www.vaccinazione.it\/index.php?rest_route=\/wp\/v2\/posts\/53\/revisions\/55"}],"wp:attachment":[{"href":"https:\/\/www.vaccinazione.it\/index.php?rest_route=%2Fwp%2Fv2%2Fmedia&parent=53"}],"wp:term":[{"taxonomy":"category","embeddable":true,"href":"https:\/\/www.vaccinazione.it\/index.php?rest_route=%2Fwp%2Fv2%2Fcategories&post=53"},{"taxonomy":"post_tag","embeddable":true,"href":"https:\/\/www.vaccinazione.it\/index.php?rest_route=%2Fwp%2Fv2%2Ftags&post=53"}],"curies":[{"name":"wp","href":"https:\/\/api.w.org\/{rel}","templated":true}]}}