{"id":612,"date":"2012-11-16T10:49:20","date_gmt":"2012-11-16T08:49:20","guid":{"rendered":"https:\/\/www.vaccinazione.it\/?p=612"},"modified":"2012-11-20T10:14:50","modified_gmt":"2012-11-20T08:14:50","slug":"petizioni-comunicato-15-novembre-2012","status":"publish","type":"post","link":"https:\/\/www.vaccinazione.it\/?p=612","title":{"rendered":"PETIZIONI Comunicato 16 novembre 2012"},"content":{"rendered":"<p><strong>PETIZIONE al PARLAMENTO sui RISARCIMENTI, INDENNIZZI AI CONGIUNTI, Revisione importi proposti, estensione soggettiva ad emotrasfusi vaccinati e talidomidici finora esclusi ed ai genitori e congiunti, ABOLIZIONE PRESCRIZIONE E DECADENZA.<br \/>\nNella seduta del 15 novembre 2012 la <a href=\"https:\/\/www.vaccinazione.it\/wp-content\/uploads\/2012\/10\/PETIZIONE_CORRETTA.pdf\">PETIZIONE<\/a> Amev \u00e8 stata annunciata in aula alla Camera dei Deputati e pubblicata negli atti parlamentari col nr. 1678. <\/p>\n<blockquote>\n<ul>\n<!--more-->INVITO<!--more--> i danneggiati a trasmettere via mail questo comunicato ad ogni Deputato della XII Commissione, utilizzando il form predisposto dalla Camera, per ogni Deputato, <a href=\"http:\/\/www.camera.it\/Camera\/browse\/99?shadow_organo_parlamentare=1505\">su questo sito<\/a>  copiando ed incollando il comunicato nel messaggio di posta elettronica diretto agli Onorevoli, insieme alle proprie libere considerazioni.<\/ul>\n<\/blockquote>\n<p> AMEV-Firenze <\/strong><br \/>\n<strong>Il Presidente AMEV, Avv. Marcello Stanca, ringrazia tutti<\/strong> gli associati che <strong>hanno inviato<\/strong> al Parlamento <a href=\"https:\/\/www.vaccinazione.it\/wp-content\/uploads\/2012\/10\/PETIZIONE_CORRETTA.pdf\">questa petizione<\/a> diffusa tramite il nostro sito internet, e tutte le associazioni e cittadini coloro <strong>che stanno continuando<\/strong> ad inviarla.<br \/>\nInforma gli associati che sono gi\u00e0 molte centinaia le petizioni gi\u00e0 pervenute in Parlamento, ma anche <strong>le petizioni che perverranno successivamente<\/strong>, <strong> non andranno disperse<\/strong> e saranno allegate a quella presentata dal Presidente, in rappresentanza dell&#8217;Associazione AMEV (nr. prot. 1678)<br \/>\n<strong>Ulteriori informazion<\/strong>i sullo stato e l&#8217;iter delle singole petizioni proposte potranno essere richieste <strong>telefonando<\/strong> (dal 19 nov) alla Camera dei Deputati-Segreteria della XII Commissione Affari Sociali, tramite il centralino della Camera dei Deputati. <strong>(Tel 06-67601)<\/strong>, con riferimento alla <strong>PETIZIONE nr. prot. 1678<\/strong>.<br \/>\nNella prossima settimana l&#8217;AMEV prender\u00e0 <strong>contatto con i Deputat<\/strong>i della Commissione per concordare una giornata di <strong>Manifestazione Nazionale a sostegno della petizione<\/strong>, affinch\u00e8 le soluzioni invocate possano trovare risposta in Parlamento per arginare e <strong>correggere<\/strong> il comportamento arbitrario finora tenuto del <strong>Ministero della Salute, che ha escluso<\/strong> migliaia di danneggiati, viventi o deceduti, dal risarcimento e dall&#8217;indennizzo. Le lesioni sub\u00ecte dagli ammalati ed il disagio esistenziale provocato ai loro congiunti vanno pienamente riconosciuti e risarciti. I genitori dei danneggiati hanno patito tanto quanto i propri figli. I defunti meritano rispetto e pretendono una risposta di giustizia che onori la loro memoria, secondo criteri di equit\u00e0. Il tempo non pu\u00f2 cancellare la sofferenza vissuta e tuttora reale, n\u00e8 per i vivi, n\u00e8 per i morti.<br \/>\nIn ogni caso verr\u00e0 chiesto un <strong>incontro<\/strong> con i Parlamentari <strong>presso la Camera dei Deputati<\/strong>, incontro <strong>aperto a tutte le associazioni<\/strong> aderenti alla petizione, finalizzato ad individuare le <strong>soluzioni legislative<\/strong> economicamente sostenibili, da<strong> imporre al Ministero<\/strong> della Salute, per <strong>garantire a tutti<\/strong> l&#8217;accesso ai risarcimenti ed indennizzi dovuti per la salute violata,<strong> senza umilianti esclusion<\/strong>i. I Parlamentari devono capire che finch\u00e8 dura la malattia ed il disagio esitenziale provocati dalla malasanit\u00e0, deve esistere il diritto all&#8217;indennizzo ed ai risarcimenti. I Parlamentari edi Partiti devono capire che <strong>il diritto ad occupare una poltrona in Parlamento<\/strong>, anche nella prossima legislatura, <strong>deve essere meritato<\/strong>.<br \/>\n<strong>I politici <\/strong>che siedono in Parlamento <strong>ci dimostrino, gi\u00e0 oggi,<\/strong> di essere capaci di garantire il rispetto dei diritti inviolabili dei cittadini ammalati contro le ragioni dello spreco e la difesa di altri privilegi di casta. <strong><em>Il bilancio dello Stato non si salva, e non si deve salvare, con il sangue e le lacrime delle vittime della malasanit\u00e0 !<\/em><\/strong><\/p>\n<ul>\n<p><strong>CAMERA DEI DEPUTATI<br \/>\nXVI LEGISLATURA<\/strong><br \/>\nResoconto stenografico dell&#8217;Assemblea<br \/>\nSeduta n. 719 di<strong> gioved\u00ec 15 novembre 2012<\/strong><br \/>\nPag. 1<br \/>\nPRESIDENZA del VicePresidente<br \/>\non. Rocco Butiglione<br \/>\nLa seduta comincia alle 9,30.<br \/>\n<em>Annunzio di petizioni (ore 9,35).<\/em><br \/>\nPRESIDENTE. Invito l&#8217;onorevole segretario a dare lettura delle petizioni pervenute alla Presidenza, che saranno trasmesse alle sottoindicate Commissioni.<\/ul>\n<p>*****<br \/>\n<strong>Marcello STANCA, da Firenze, e numerosissimi altri cittadini chiedono norme per l&#8217;ammissione a transazione dei danneggiati da trasfusioni, vaccinazioni e talidomide (1678) &#8211; alla XII Commissione (Affari sociali)<\/strong>;<\/p>\n","protected":false},"excerpt":{"rendered":"<p>PETIZIONE al PARLAMENTO sui RISARCIMENTI, INDENNIZZI AI CONGIUNTI, Revisione importi proposti, estensione soggettiva ad emotrasfusi vaccinati e talidomidici finora esclusi ed ai genitori e congiunti, ABOLIZIONE PRESCRIZIONE E DECADENZA. Nella seduta del 15 novembre 2012 la PETIZIONE Amev \u00e8 stata annunciata in aula alla Camera dei Deputati e pubblicata negli atti parlamentari col nr. 1678.<\/p>\n","protected":false},"author":2,"featured_media":0,"comment_status":"open","ping_status":"open","sticky":false,"template":"","format":"standard","meta":{"om_disable_all_campaigns":false,"_monsterinsights_skip_tracking":false,"_monsterinsights_sitenote_active":false,"_monsterinsights_sitenote_note":"","_monsterinsights_sitenote_category":0,"footnotes":""},"categories":[22],"tags":[476,25,185,462,414,49,10,471,28,463,279,40,534,479,61,474,489,470,466,491,42,24,468,19,484,530,478,480,482,477,483,464,481,270,39,395,473,54,533,469,85,475],"aioseo_notices":[],"_links":{"self":[{"href":"https:\/\/www.vaccinazione.it\/index.php?rest_route=\/wp\/v2\/posts\/612"}],"collection":[{"href":"https:\/\/www.vaccinazione.it\/index.php?rest_route=\/wp\/v2\/posts"}],"about":[{"href":"https:\/\/www.vaccinazione.it\/index.php?rest_route=\/wp\/v2\/types\/post"}],"author":[{"embeddable":true,"href":"https:\/\/www.vaccinazione.it\/index.php?rest_route=\/wp\/v2\/users\/2"}],"replies":[{"embeddable":true,"href":"https:\/\/www.vaccinazione.it\/index.php?rest_route=%2Fwp%2Fv2%2Fcomments&post=612"}],"version-history":[{"count":76,"href":"https:\/\/www.vaccinazione.it\/index.php?rest_route=\/wp\/v2\/posts\/612\/revisions"}],"predecessor-version":[{"id":645,"href":"https:\/\/www.vaccinazione.it\/index.php?rest_route=\/wp\/v2\/posts\/612\/revisions\/645"}],"wp:attachment":[{"href":"https:\/\/www.vaccinazione.it\/index.php?rest_route=%2Fwp%2Fv2%2Fmedia&parent=612"}],"wp:term":[{"taxonomy":"category","embeddable":true,"href":"https:\/\/www.vaccinazione.it\/index.php?rest_route=%2Fwp%2Fv2%2Fcategories&post=612"},{"taxonomy":"post_tag","embeddable":true,"href":"https:\/\/www.vaccinazione.it\/index.php?rest_route=%2Fwp%2Fv2%2Ftags&post=612"}],"curies":[{"name":"wp","href":"https:\/\/api.w.org\/{rel}","templated":true}]}}